{"id":330,"date":"2026-07-18T08:37:38","date_gmt":"2026-07-18T08:37:38","guid":{"rendered":"https:\/\/ateliergalerie-philippeparrinello.fr\/?p=330"},"modified":"2026-07-19T13:59:25","modified_gmt":"2026-07-19T13:59:25","slug":"nouveaux-recits","status":"publish","type":"post","link":"https:\/\/ateliergalerie-philippeparrinello.fr\/index.php\/2026\/07\/18\/nouveaux-recits\/","title":{"rendered":"NOUVEAUX RECITS"},"content":{"rendered":"\n<p class=\"wp-block-paragraph\">Exposition de l&rsquo;\u0153uvre \u00ab\u00a0Nouveaux r\u00e9cits\u00a0\u00bb \u00e0 la Chapelle de la Tul\u00e9vriere jusqu&rsquo;au 14 Aout 2026 (entr\u00e9e gratuite)<\/p>\n\n\n<div class=\"wp-block-image\">\n<figure class=\"aligncenter size-large is-resized\"><img loading=\"lazy\" decoding=\"async\" width=\"644\" height=\"1024\" src=\"https:\/\/ateliergalerie-philippeparrinello.fr\/wp-content\/uploads\/2026\/07\/20260717_154724-644x1024.jpg\" alt=\"\" class=\"wp-image-331\" style=\"aspect-ratio:0.6340212007292793;width:262px;height:auto\" srcset=\"https:\/\/ateliergalerie-philippeparrinello.fr\/wp-content\/uploads\/2026\/07\/20260717_154724-644x1024.jpg 644w, https:\/\/ateliergalerie-philippeparrinello.fr\/wp-content\/uploads\/2026\/07\/20260717_154724-189x300.jpg 189w, https:\/\/ateliergalerie-philippeparrinello.fr\/wp-content\/uploads\/2026\/07\/20260717_154724-768x1222.jpg 768w, https:\/\/ateliergalerie-philippeparrinello.fr\/wp-content\/uploads\/2026\/07\/20260717_154724-966x1536.jpg 966w, https:\/\/ateliergalerie-philippeparrinello.fr\/wp-content\/uploads\/2026\/07\/20260717_154724-1287x2048.jpg 1287w, https:\/\/ateliergalerie-philippeparrinello.fr\/wp-content\/uploads\/2026\/07\/20260717_154724-scaled.jpg 1609w\" sizes=\"auto, (max-width: 644px) 100vw, 644px\" \/><\/figure>\n<\/div>\n\n\n<figure class=\"wp-block-gallery has-nested-images columns-default is-cropped wp-block-gallery-1 is-layout-flex wp-block-gallery-is-layout-flex\">\n<figure class=\"wp-block-image size-large\"><img loading=\"lazy\" decoding=\"async\" width=\"485\" height=\"1024\" data-id=\"336\" src=\"https:\/\/ateliergalerie-philippeparrinello.fr\/wp-content\/uploads\/2026\/07\/20260717_154902-485x1024.jpg\" alt=\"\" class=\"wp-image-336\" srcset=\"https:\/\/ateliergalerie-philippeparrinello.fr\/wp-content\/uploads\/2026\/07\/20260717_154902-485x1024.jpg 485w, https:\/\/ateliergalerie-philippeparrinello.fr\/wp-content\/uploads\/2026\/07\/20260717_154902-142x300.jpg 142w, https:\/\/ateliergalerie-philippeparrinello.fr\/wp-content\/uploads\/2026\/07\/20260717_154902-768x1623.jpg 768w, https:\/\/ateliergalerie-philippeparrinello.fr\/wp-content\/uploads\/2026\/07\/20260717_154902-727x1536.jpg 727w, https:\/\/ateliergalerie-philippeparrinello.fr\/wp-content\/uploads\/2026\/07\/20260717_154902-969x2048.jpg 969w, https:\/\/ateliergalerie-philippeparrinello.fr\/wp-content\/uploads\/2026\/07\/20260717_154902-scaled.jpg 1211w\" sizes=\"auto, (max-width: 485px) 100vw, 485px\" \/><\/figure>\n\n\n\n<figure class=\"wp-block-image size-large\"><img loading=\"lazy\" decoding=\"async\" width=\"484\" height=\"1024\" data-id=\"333\" src=\"https:\/\/ateliergalerie-philippeparrinello.fr\/wp-content\/uploads\/2026\/07\/20260717_154906-484x1024.jpg\" alt=\"\" class=\"wp-image-333\" srcset=\"https:\/\/ateliergalerie-philippeparrinello.fr\/wp-content\/uploads\/2026\/07\/20260717_154906-484x1024.jpg 484w, https:\/\/ateliergalerie-philippeparrinello.fr\/wp-content\/uploads\/2026\/07\/20260717_154906-142x300.jpg 142w, https:\/\/ateliergalerie-philippeparrinello.fr\/wp-content\/uploads\/2026\/07\/20260717_154906-768x1623.jpg 768w, https:\/\/ateliergalerie-philippeparrinello.fr\/wp-content\/uploads\/2026\/07\/20260717_154906-727x1536.jpg 727w, https:\/\/ateliergalerie-philippeparrinello.fr\/wp-content\/uploads\/2026\/07\/20260717_154906-969x2048.jpg 969w, https:\/\/ateliergalerie-philippeparrinello.fr\/wp-content\/uploads\/2026\/07\/20260717_154906-scaled.jpg 1211w\" sizes=\"auto, (max-width: 484px) 100vw, 484px\" \/><\/figure>\n\n\n\n<figure class=\"wp-block-image size-large\"><img loading=\"lazy\" decoding=\"async\" width=\"571\" height=\"1024\" data-id=\"332\" src=\"https:\/\/ateliergalerie-philippeparrinello.fr\/wp-content\/uploads\/2026\/07\/20260717_154912-571x1024.jpg\" alt=\"\" class=\"wp-image-332\" srcset=\"https:\/\/ateliergalerie-philippeparrinello.fr\/wp-content\/uploads\/2026\/07\/20260717_154912-571x1024.jpg 571w, https:\/\/ateliergalerie-philippeparrinello.fr\/wp-content\/uploads\/2026\/07\/20260717_154912-167x300.jpg 167w, https:\/\/ateliergalerie-philippeparrinello.fr\/wp-content\/uploads\/2026\/07\/20260717_154912-768x1376.jpg 768w, https:\/\/ateliergalerie-philippeparrinello.fr\/wp-content\/uploads\/2026\/07\/20260717_154912-857x1536.jpg 857w, https:\/\/ateliergalerie-philippeparrinello.fr\/wp-content\/uploads\/2026\/07\/20260717_154912-1143x2048.jpg 1143w, https:\/\/ateliergalerie-philippeparrinello.fr\/wp-content\/uploads\/2026\/07\/20260717_154912-scaled.jpg 1428w\" sizes=\"auto, (max-width: 571px) 100vw, 571px\" \/><\/figure>\n\n\n\n<figure class=\"wp-block-image size-large\"><img loading=\"lazy\" decoding=\"async\" width=\"507\" height=\"1024\" data-id=\"335\" src=\"https:\/\/ateliergalerie-philippeparrinello.fr\/wp-content\/uploads\/2026\/07\/20260717_154924-507x1024.jpg\" alt=\"\" class=\"wp-image-335\" srcset=\"https:\/\/ateliergalerie-philippeparrinello.fr\/wp-content\/uploads\/2026\/07\/20260717_154924-507x1024.jpg 507w, https:\/\/ateliergalerie-philippeparrinello.fr\/wp-content\/uploads\/2026\/07\/20260717_154924-149x300.jpg 149w, https:\/\/ateliergalerie-philippeparrinello.fr\/wp-content\/uploads\/2026\/07\/20260717_154924-768x1551.jpg 768w, https:\/\/ateliergalerie-philippeparrinello.fr\/wp-content\/uploads\/2026\/07\/20260717_154924-761x1536.jpg 761w, https:\/\/ateliergalerie-philippeparrinello.fr\/wp-content\/uploads\/2026\/07\/20260717_154924-1014x2048.jpg 1014w, https:\/\/ateliergalerie-philippeparrinello.fr\/wp-content\/uploads\/2026\/07\/20260717_154924-scaled.jpg 1268w\" sizes=\"auto, (max-width: 507px) 100vw, 507px\" \/><\/figure>\n\n\n\n<figure class=\"wp-block-image size-large\"><img loading=\"lazy\" decoding=\"async\" width=\"485\" height=\"1024\" data-id=\"334\" src=\"https:\/\/ateliergalerie-philippeparrinello.fr\/wp-content\/uploads\/2026\/07\/20260717_154948-485x1024.jpg\" alt=\"\" class=\"wp-image-334\" srcset=\"https:\/\/ateliergalerie-philippeparrinello.fr\/wp-content\/uploads\/2026\/07\/20260717_154948-485x1024.jpg 485w, https:\/\/ateliergalerie-philippeparrinello.fr\/wp-content\/uploads\/2026\/07\/20260717_154948-142x300.jpg 142w, https:\/\/ateliergalerie-philippeparrinello.fr\/wp-content\/uploads\/2026\/07\/20260717_154948-768x1623.jpg 768w, https:\/\/ateliergalerie-philippeparrinello.fr\/wp-content\/uploads\/2026\/07\/20260717_154948-727x1536.jpg 727w, https:\/\/ateliergalerie-philippeparrinello.fr\/wp-content\/uploads\/2026\/07\/20260717_154948-969x2048.jpg 969w, https:\/\/ateliergalerie-philippeparrinello.fr\/wp-content\/uploads\/2026\/07\/20260717_154948-scaled.jpg 1211w\" sizes=\"auto, (max-width: 485px) 100vw, 485px\" \/><\/figure>\n<\/figure>\n\n\n\n<p class=\"wp-block-paragraph\"><\/p>\n","protected":false},"excerpt":{"rendered":"<p>Exposition de l&rsquo;\u0153uvre \u00ab\u00a0Nouveaux r\u00e9cits\u00a0\u00bb \u00e0 la Chapelle de la Tul\u00e9vriere jusqu&rsquo;au 14 Aout 2026 (entr\u00e9e gratuite)<\/p>\n","protected":false},"author":1,"featured_media":0,"comment_status":"closed","ping_status":"closed","sticky":false,"template":"","format":"standard","meta":{"footnotes":""},"categories":[1],"tags":[],"class_list":["post-330","post","type-post","status-publish","format-standard","hentry","category-uncategorized"],"_links":{"self":[{"href":"https:\/\/ateliergalerie-philippeparrinello.fr\/index.php\/wp-json\/wp\/v2\/posts\/330","targetHints":{"allow":["GET"]}}],"collection":[{"href":"https:\/\/ateliergalerie-philippeparrinello.fr\/index.php\/wp-json\/wp\/v2\/posts"}],"about":[{"href":"https:\/\/ateliergalerie-philippeparrinello.fr\/index.php\/wp-json\/wp\/v2\/types\/post"}],"author":[{"embeddable":true,"href":"https:\/\/ateliergalerie-philippeparrinello.fr\/index.php\/wp-json\/wp\/v2\/users\/1"}],"replies":[{"embeddable":true,"href":"https:\/\/ateliergalerie-philippeparrinello.fr\/index.php\/wp-json\/wp\/v2\/comments?post=330"}],"version-history":[{"count":5,"href":"https:\/\/ateliergalerie-philippeparrinello.fr\/index.php\/wp-json\/wp\/v2\/posts\/330\/revisions"}],"predecessor-version":[{"id":342,"href":"https:\/\/ateliergalerie-philippeparrinello.fr\/index.php\/wp-json\/wp\/v2\/posts\/330\/revisions\/342"}],"wp:attachment":[{"href":"https:\/\/ateliergalerie-philippeparrinello.fr\/index.php\/wp-json\/wp\/v2\/media?parent=330"}],"wp:term":[{"taxonomy":"category","embeddable":true,"href":"https:\/\/ateliergalerie-philippeparrinello.fr\/index.php\/wp-json\/wp\/v2\/categories?post=330"},{"taxonomy":"post_tag","embeddable":true,"href":"https:\/\/ateliergalerie-philippeparrinello.fr\/index.php\/wp-json\/wp\/v2\/tags?post=330"}],"curies":[{"name":"wp","href":"https:\/\/api.w.org\/{rel}","templated":true}]}}