{"id":325,"date":"2026-07-13T12:19:46","date_gmt":"2026-07-13T12:19:46","guid":{"rendered":"https:\/\/ateliergalerie-philippeparrinello.fr\/?p=325"},"modified":"2026-07-19T14:01:26","modified_gmt":"2026-07-19T14:01:26","slug":"nouveaux-recit","status":"publish","type":"post","link":"https:\/\/ateliergalerie-philippeparrinello.fr\/index.php\/2026\/07\/13\/nouveaux-recit\/","title":{"rendered":"Nouveaux r\u00e9cits"},"content":{"rendered":"\n<p class=\"wp-block-paragraph\"><strong>Pr\u00e9sentation au public devant l\u2019atelier de l\u2019\u0153uvre \u00ab\u00a0Nouveaux r\u00e9cits\u00a0\u00bb qui sera expos\u00e9e \u00e0 la Chapelle de la Tul\u00e9vriere \u00e0 Saint Etienne du Bois du 16 juillet au 16 Aout 2026.<\/strong><\/p>\n\n\n\n<figure class=\"wp-block-image size-large\"><img loading=\"lazy\" decoding=\"async\" width=\"1024\" height=\"594\" src=\"https:\/\/ateliergalerie-philippeparrinello.fr\/wp-content\/uploads\/2026\/07\/6-1024x594.jpg\" alt=\"\" class=\"wp-image-326\" srcset=\"https:\/\/ateliergalerie-philippeparrinello.fr\/wp-content\/uploads\/2026\/07\/6-1024x594.jpg 1024w, https:\/\/ateliergalerie-philippeparrinello.fr\/wp-content\/uploads\/2026\/07\/6-300x174.jpg 300w, https:\/\/ateliergalerie-philippeparrinello.fr\/wp-content\/uploads\/2026\/07\/6-768x445.jpg 768w, https:\/\/ateliergalerie-philippeparrinello.fr\/wp-content\/uploads\/2026\/07\/6-1536x891.jpg 1536w, https:\/\/ateliergalerie-philippeparrinello.fr\/wp-content\/uploads\/2026\/07\/6-500x290.jpg 500w, https:\/\/ateliergalerie-philippeparrinello.fr\/wp-content\/uploads\/2026\/07\/6.jpg 1973w\" sizes=\"auto, (max-width: 1024px) 100vw, 1024px\" \/><\/figure>\n","protected":false},"excerpt":{"rendered":"<p>Pr\u00e9sentation au public devant l\u2019atelier de l\u2019\u0153uvre \u00ab\u00a0Nouveaux r\u00e9cits\u00a0\u00bb qui sera expos\u00e9e \u00e0 la Chapelle de la Tul\u00e9vriere \u00e0 Saint Etienne du Bois du 16 juillet au 16 Aout 2026.<\/p>\n","protected":false},"author":1,"featured_media":0,"comment_status":"closed","ping_status":"closed","sticky":false,"template":"","format":"standard","meta":{"footnotes":""},"categories":[1],"tags":[],"class_list":["post-325","post","type-post","status-publish","format-standard","hentry","category-uncategorized"],"_links":{"self":[{"href":"https:\/\/ateliergalerie-philippeparrinello.fr\/index.php\/wp-json\/wp\/v2\/posts\/325","targetHints":{"allow":["GET"]}}],"collection":[{"href":"https:\/\/ateliergalerie-philippeparrinello.fr\/index.php\/wp-json\/wp\/v2\/posts"}],"about":[{"href":"https:\/\/ateliergalerie-philippeparrinello.fr\/index.php\/wp-json\/wp\/v2\/types\/post"}],"author":[{"embeddable":true,"href":"https:\/\/ateliergalerie-philippeparrinello.fr\/index.php\/wp-json\/wp\/v2\/users\/1"}],"replies":[{"embeddable":true,"href":"https:\/\/ateliergalerie-philippeparrinello.fr\/index.php\/wp-json\/wp\/v2\/comments?post=325"}],"version-history":[{"count":4,"href":"https:\/\/ateliergalerie-philippeparrinello.fr\/index.php\/wp-json\/wp\/v2\/posts\/325\/revisions"}],"predecessor-version":[{"id":344,"href":"https:\/\/ateliergalerie-philippeparrinello.fr\/index.php\/wp-json\/wp\/v2\/posts\/325\/revisions\/344"}],"wp:attachment":[{"href":"https:\/\/ateliergalerie-philippeparrinello.fr\/index.php\/wp-json\/wp\/v2\/media?parent=325"}],"wp:term":[{"taxonomy":"category","embeddable":true,"href":"https:\/\/ateliergalerie-philippeparrinello.fr\/index.php\/wp-json\/wp\/v2\/categories?post=325"},{"taxonomy":"post_tag","embeddable":true,"href":"https:\/\/ateliergalerie-philippeparrinello.fr\/index.php\/wp-json\/wp\/v2\/tags?post=325"}],"curies":[{"name":"wp","href":"https:\/\/api.w.org\/{rel}","templated":true}]}}